[{"@context":"https:\/\/schema.org\/","@type":"Article","@id":"https:\/\/www.apusos.cz\/lecba-vzacnych-onemocneni-se-bude-cim-dal-vice-zdrazovat-minimalne-pokryti-pojistovnou-bude-mensi-a-mensi\/#Article","mainEntityOfPage":"https:\/\/www.apusos.cz\/lecba-vzacnych-onemocneni-se-bude-cim-dal-vice-zdrazovat-minimalne-pokryti-pojistovnou-bude-mensi-a-mensi\/","headline":"L\u00e9\u010dba vz\u00e1cn\u00fdch onemocn\u011bn\u00ed se bude \u010d\u00edm d\u00e1l v\u00edce zdra\u017eovat \u2013 minim\u00e1ln\u011b pokryt\u00ed poji\u0161\u0165ovnou bude men\u0161\u00ed a men\u0161\u00ed","name":"L\u00e9\u010dba vz\u00e1cn\u00fdch onemocn\u011bn\u00ed se bude \u010d\u00edm d\u00e1l v\u00edce zdra\u017eovat \u2013 minim\u00e1ln\u011b pokryt\u00ed poji\u0161\u0165ovnou bude men\u0161\u00ed a men\u0161\u00ed","description":"Poji\u0161\u0165ovny za\u010d\u00ednaj\u00ed reagovat na zv\u00fd\u0161en\u00e9 po\u017eadavky spole\u010dnosti o v\u011bt\u0161\u00ed a v\u011bt\u0161\u00ed rozsah hrazen\u00e9 p\u00e9\u010de. A d\u011blaj\u00ed to jedin\u00fdm rozumn\u00fdm krokem \u2013 \u00fa\u010detn\u00ed operac\u00ed. Nam\u00edsto, aby se tla\u010dilo na v\u011bt\u0161\u00ed rozpo\u010det pro tyto spole\u010dnosti, tak se rad\u011bji bude p\u0159esouvat. Pen\u00edze na ty neju\u017e\u00edvan\u011bj\u0161\u00ed procedury a nej\u010dast\u011bj\u0161\u00ed l\u00e9\u010dby se vezmou z paliativn\u00ed l\u00e9\u010dby a tak\u00e9 z l\u00e9\u010dby [&hellip;]","datePublished":"2018-09-12","dateModified":"2023-05-06","author":{"@type":"Person","@id":"https:\/\/www.apusos.cz\/author\/#Person","name":"","url":"https:\/\/www.apusos.cz\/author\/","identifier":1,"image":{"@type":"ImageObject","@id":"https:\/\/secure.gravatar.com\/avatar\/306e258528c0a0d9c2b96482eb1248b4?s=96&d=mm&r=g","url":"https:\/\/secure.gravatar.com\/avatar\/306e258528c0a0d9c2b96482eb1248b4?s=96&d=mm&r=g","height":96,"width":96}},"publisher":{"@type":"Organization","name":"apusos.cz","logo":{"@type":"ImageObject","@id":"\/logo.png","url":"\/logo.png","width":600,"height":60}},"image":{"@type":"ImageObject","@id":"https:\/\/www.apusos.cz\/wp-content\/uploads\/img_a324094_w2645_t1535825566.jpg","url":"https:\/\/www.apusos.cz\/wp-content\/uploads\/img_a324094_w2645_t1535825566.jpg","height":0,"width":0},"url":"https:\/\/www.apusos.cz\/lecba-vzacnych-onemocneni-se-bude-cim-dal-vice-zdrazovat-minimalne-pokryti-pojistovnou-bude-mensi-a-mensi\/","about":["Zdrav\u00ed"],"wordCount":419,"articleBody":"Poji\u0161\u0165ovny za\u010d\u00ednaj\u00ed reagovat na zv\u00fd\u0161en\u00e9 po\u017eadavky spole\u010dnosti o v\u011bt\u0161\u00ed a v\u011bt\u0161\u00ed rozsah hrazen\u00e9 p\u00e9\u010de. A d\u011blaj\u00ed to jedin\u00fdm rozumn\u00fdm krokem \u2013 \u00fa\u010detn\u00ed operac\u00ed. Nam\u00edsto, aby se tla\u010dilo na v\u011bt\u0161\u00ed rozpo\u010det pro tyto spole\u010dnosti, tak se rad\u011bji bude p\u0159esouvat. Pen\u00edze na ty neju\u017e\u00edvan\u011bj\u0161\u00ed procedury a nej\u010dast\u011bj\u0161\u00ed l\u00e9\u010dby se vezmou z paliativn\u00ed l\u00e9\u010dby a tak\u00e9 z l\u00e9\u010dby vz\u00e1cn\u00fdch onemocn\u011bn\u00ed \u2013 d\u016fvod? Jednoduch\u00fd. Tato onemocn\u011bn\u00ed zahrnuj\u00ed tak malou \u010d\u00e1st lidsk\u00e9 populace a stoj\u00ed tolik pen\u011bz, \u017ee je lep\u0161\u00ed je utnout, a\u0165 si lid\u00e9 spo\u0159\u00ed z vlastn\u00edho.&#13; Kroky kritizovalo u\u017e n\u011bkolik politick\u00fdch stran a hnut\u00ed nap\u0159\u00ed\u010d politick\u00fdm spektrem, av\u0161ak jak je vidno, nyn\u011bj\u0161\u00ed vl\u00e1da s t\u00edm nic d\u011blat nebude. Pr\u00e1v\u011b nyn\u00ed je pod palbou ve\u0159ejnosti kv\u016fli n\u011bkter\u00fdm jej\u00edm \u010dlen\u016fm, co\u017e se nem\u016f\u017eeme ani divit. Je tu v\u0161ak vznikaj\u00edc\u00ed probl\u00e9m toho, \u017ee pokud n\u011bkdy budete um\u00edrat nebo nedej bo\u017ee budete sti\u017eeni vy nebo va\u0161i p\u0159\u00edbuzn\u00ed n\u011bjakou vz\u00e1cnou chorobou, budete si muset pomoci sami. Je to smutn\u00e9, ale tak to vypad\u00e1. Zneu\u017e\u00edvan\u00ed hrazen\u00e9 l\u00e9\u010dby je jak\u00fdmsi neduhem spole\u010dnosti, ale tento \u201eneduh\u201c lze napravit i jinak, ne\u017e \u017ee poskytneme v\u00edce financ\u00ed pro je\u0161t\u011b v\u00edce hypochondr\u016f.&#13; Nadch\u00e1z\u00ed doba \u201el\u00e9\u010debn\u00fdch p\u016fj\u010dek\u201c&#13; Lid\u00e9 si \u010d\u00edm d\u00e1l \u010dast\u011bji p\u016fj\u010duj\u00ed na l\u00e9\u010dbu onemocn\u011bn\u00ed, proto\u017ee to prost\u011b poji\u0161\u0165ovny odm\u00edtaj\u00ed platit. Nejhor\u0161\u00ed na tom je to, \u017ee m\u00e1lo lid\u00ed dostane tak velk\u00e9 \u010d\u00e1stky, aby se skute\u010dn\u011b uhradila cel\u00e1 l\u00e9\u010dba, kter\u00e1 nav\u00edc nemus\u00ed m\u00edt \u017e\u00e1dn\u00fd efekt. Nap\u0159\u00edklad um\u00edraj\u00edc\u00edho \u010dlov\u011bka nechce nikdo \u201efinan\u010dn\u011b podpo\u0159it\u201c, proto\u017ee v\u0161ichni v\u011bd\u00ed, \u017ee se z toho u\u017e nedostane a kdo pak bude platit dluhy vznikl\u00e9 z tohoto z\u00e1vazku?&#13; Je to jeden velk\u00fd zamotan\u00fd kruh&#13; Pokud pot\u0159ebujete pomoci, budete se muset obr\u00e1tit i na jin\u00e9 ne\u017e bankovn\u00ed spole\u010dnosti. Samy banky si tak nech\u00e1vaj\u00ed ut\u00edkat klienty. A nen\u00ed to tak, \u017ee by \u010desk\u00e9 pr\u00e1vo neznalo dostatek n\u00e1stroj\u016f na zhojen\u00ed toho, kdy\u017e dlu\u017en\u00edk v pr\u016fb\u011bhu spl\u00e1cen\u00ed um\u0159e. Pr\u00e1vo to zn\u00e1, nikdo si ale nechce p\u0159id\u011bl\u00e1vat zbyte\u010dn\u011b pr\u00e1ci.                                                                                                                                                                                                                                                                                                                                                                                        3.9\/5 - (7 votes)        "},{"@context":"https:\/\/schema.org\/","@type":"BreadcrumbList","itemListElement":[{"@type":"ListItem","position":1,"name":"L\u00e9\u010dba vz\u00e1cn\u00fdch onemocn\u011bn\u00ed se bude \u010d\u00edm d\u00e1l v\u00edce zdra\u017eovat \u2013 minim\u00e1ln\u011b pokryt\u00ed poji\u0161\u0165ovnou bude men\u0161\u00ed a men\u0161\u00ed","item":"https:\/\/www.apusos.cz\/lecba-vzacnych-onemocneni-se-bude-cim-dal-vice-zdrazovat-minimalne-pokryti-pojistovnou-bude-mensi-a-mensi\/#breadcrumbitem"}]}]