[{"@context":"https:\/\/schema.org\/","@type":"Article","@id":"https:\/\/www.apusos.cz\/jsme-uspesni-na-svetovych-turnajich\/#Article","mainEntityOfPage":"https:\/\/www.apusos.cz\/jsme-uspesni-na-svetovych-turnajich\/","headline":"Jsme \u00fasp\u011b\u0161n\u00ed na sv\u011btov\u00fdch turnaj\u00edch","name":"Jsme \u00fasp\u011b\u0161n\u00ed na sv\u011btov\u00fdch turnaj\u00edch","description":"V \u010cesk\u00e9 republice m\u00e1me hr\u00e1\u010de i v prvn\u00ed des\u00edtce na \u017eeb\u0159\u00ed\u010dku ATP. Jsou jimi Petra Kvitov\u00e1 a Tom\u00e1\u0161 Berdych. Skv\u011ble si vedou na jednotliv\u00fdch turnaj\u00edch, ale p\u0159edev\u0161\u00edm v z\u00e1pasech o Davis\u016fv poh\u00e1r a ve Fed Cupu. Tam dosahuj\u00ed vynikaj\u00edc\u00edch v\u00fdsledk\u016f. Na\u0161e mal\u00e1 zem\u011b je v tomto sportovn\u00edm odv\u011btv\u00ed velmi \u00fasp\u011b\u0161n\u00e1. Bude se n\u00e1m da\u0159it i [&hellip;]","datePublished":"2025-08-31","dateModified":"2025-08-31","author":{"@type":"Person","@id":"https:\/\/www.apusos.cz\/author\/#Person","name":"","url":"https:\/\/www.apusos.cz\/author\/","identifier":1,"image":{"@type":"ImageObject","@id":"https:\/\/secure.gravatar.com\/avatar\/306e258528c0a0d9c2b96482eb1248b4?s=96&d=mm&r=g","url":"https:\/\/secure.gravatar.com\/avatar\/306e258528c0a0d9c2b96482eb1248b4?s=96&d=mm&r=g","height":96,"width":96}},"publisher":{"@type":"Organization","name":"apusos.cz","logo":{"@type":"ImageObject","@id":"\/logo.png","url":"\/logo.png","width":600,"height":60}},"url":"https:\/\/www.apusos.cz\/jsme-uspesni-na-svetovych-turnajich\/","wordCount":174,"articleBody":"V \u010cesk\u00e9 republice m\u00e1me hr\u00e1\u010de i v prvn\u00ed des\u00edtce na \u017eeb\u0159\u00ed\u010dku ATP. Jsou jimi Petra Kvitov\u00e1 a Tom\u00e1\u0161 Berdych. Skv\u011ble si vedou na jednotliv\u00fdch turnaj\u00edch, ale p\u0159edev\u0161\u00edm v z\u00e1pasech o Davis\u016fv poh\u00e1r a ve Fed Cupu. Tam dosahuj\u00ed vynikaj\u00edc\u00edch v\u00fdsledk\u016f. Na\u0161e mal\u00e1 zem\u011b je v tomto sportovn\u00edm odv\u011btv\u00ed velmi \u00fasp\u011b\u0161n\u00e1. Bude se n\u00e1m da\u0159it i nad\u00e1le? Sledujte n\u00e1s na na\u0161em tenise on line. Dosahujeme \u0161pi\u010dkov\u00e9 \u00farovn\u011b v obou kategori\u00edch M\u00e1me \u0161pi\u010dkov\u00e9 reprezentanty. V \u017eensk\u00e9 i mu\u017esk\u00e9 kategorii jsme ji\u017e dos\u00e1hli t\u011bch nejlep\u0161\u00edch v\u00fdsledk\u016f a vyhr\u00e1li jsme n\u011bkolikr\u00e1t v obou t\u00fdmov\u00fdch sout\u011b\u017e\u00edch. M\u00e1me v\u0161ak i mladou generaci hr\u00e1\u010d\u016f, kte\u0159\u00ed se st\u00e1le v\u00edce zviditel\u0148uj\u00ed a za\u010dle\u0148uj\u00ed mezi nejlep\u0161\u00ed. Mezi mu\u017ei m\u016f\u017eeme vid\u011bt v\u00fdborn\u00e9ho Ji\u0159\u00edho Vesel\u00e9ho. Sledujte jeho z\u00e1pasy na tenise on line.                                                                                                                                                                                                                                                                                                                                                                                                "},{"@context":"https:\/\/schema.org\/","@type":"BreadcrumbList","itemListElement":[{"@type":"ListItem","position":1,"name":"Jsme \u00fasp\u011b\u0161n\u00ed na sv\u011btov\u00fdch turnaj\u00edch","item":"https:\/\/www.apusos.cz\/jsme-uspesni-na-svetovych-turnajich\/#breadcrumbitem"}]}]